{"id":358,"global_id":"29ps.cz?id=358","global_id_lineage":["29ps.cz?id=358"],"author":"1","status":"publish","date":"2019-04-10 22:29:15","date_utc":"2019-04-10 22:29:15","modified":"2019-04-10 22:29:15","modified_utc":"2019-04-10 22:29:15","url":"http:\/\/29ps.cz\/?tribe_events=vyprava-za-zahadou-do-malikovskych-skal","rest_url":"http:\/\/29ps.cz\/index.php?rest_route=\/tribe\/events\/v1\/events\/358","title":"V\u00fdprava za z\u00e1hadou do Mal\u00edkovsk\u00fdch skal","description":"<p><strong><u>V\u00ddPRAVA ZA Z\u00c1HADOU DO MAL\u00cdKOVSK\u00ddCH SKAL <\/u><\/strong><\/p>\n<p><em>M\u00e1\u0161 pro strach ud\u011bl\u00e1no? M\u00e1\u0161 r\u00e1d tajuplno a r\u00e1d lu\u0161t\u00ed\u0161 \u0161ifry? Tak to hled\u00e1me pr\u00e1ve TEBE! Sh\u00e1n\u00edme posily do t\u00fdmu objevitel\u016f, kte\u0159\u00ed se chystaj\u00ed rozlu\u0161tit z\u00e1hadu Mal\u00edkovysk\u00fdch skal. <\/em><\/p>\n<p><img loading=\"lazy\" decoding=\"async\" class=\"alignnone size-full wp-image-359\" src=\"http:\/\/29ps.cz\/wp-content\/uploads\/2019\/04\/vi\u0301kendovka-kve\u030cten.jpg\" alt=\"\" width=\"800\" height=\"570\" srcset=\"http:\/\/29ps.cz\/wp-content\/uploads\/2019\/04\/vi\u0301kendovka-kve\u030cten.jpg 800w, http:\/\/29ps.cz\/wp-content\/uploads\/2019\/04\/vi\u0301kendovka-kve\u030cten-300x214.jpg 300w, http:\/\/29ps.cz\/wp-content\/uploads\/2019\/04\/vi\u0301kendovka-kve\u030cten-768x547.jpg 768w, http:\/\/29ps.cz\/wp-content\/uploads\/2019\/04\/vi\u0301kendovka-kve\u030cten-110x78.jpg 110w, http:\/\/29ps.cz\/wp-content\/uploads\/2019\/04\/vi\u0301kendovka-kve\u030cten-420x299.jpg 420w, http:\/\/29ps.cz\/wp-content\/uploads\/2019\/04\/vi\u0301kendovka-kve\u030cten-604x430.jpg 604w\" sizes=\"(max-width: 800px) 100vw, 800px\" \/><\/p>\n<p><strong>Term\u00edn: <\/strong>10.-12.&nbsp;kv\u011btna 2019<\/p>\n<p><strong>M\u00edsto: <\/strong>Mal\u00edkovsk\u00e9 sk\u00e1ly u Jind\u0159ichova Hradce<\/p>\n<p>&nbsp;<\/p>\n<p><strong>S sebou: <\/strong>spac\u00e1k, karimatku, celtu (kdo m\u00e1), tepl\u00e9 oble\u010den\u00ed dle po\u010das\u00ed, hygienu, karti\u010dku poji\u0161\u0165ovny, baterku, 1,5 litru vodu, p\u00e1te\u010dn\u00ed ve\u010de\u0159i a 250&nbsp;K\u010d. Zabalte si v\u011bci do batohu na z\u00e1da. Budeme hlavn\u011b chodit!!! Nen\u00ed tedy vhodn\u00e9 a ani pohodln\u00e9 m\u00edt v&nbsp;ruce igelitku, \u010di spac\u00e1k.<\/p>\n<p>&nbsp;<\/p>\n<p>P\u0159ihla\u0161ujte se na email nebo tel.:<\/p>\n<p>Kate\u0159ina &#8222;Fuska&#8220; F\u00fcllsackov\u00e1: kacenka.fullsackova@email.cz tel. 722&nbsp;792\u00a0915<\/p>\n<p>Julie &#8222;Jul\u010da&#8220; Hronov\u00e1: julca888@seznam.cz tel. 724&nbsp;709\u00a0128<\/p>\n<p>Viktor &#8222;Viki&#8220; Mat\u011bj\u016f: matejuviktor@gmail.com tel. 608&nbsp;525\u00a0409<\/p>\n<p>Maty\u00e1\u0161 &#8222;Raky&#8220; Raku\u0161an: matyas.rakusan8@seznam.cz tel. 725&nbsp;059\u00a0974<\/p>\n<p>Mat\u011bj &#8222;Bebe&#8220; B\u011bhal: Matejbehal4@seznam.cz tel. 723&nbsp;517&nbsp;237.<\/p>\n<p>&nbsp;<\/p>\n<p><strong>!!!P\u0159ihla\u0161ujte se do pond\u011bl\u00ed 6.5.!!!<\/strong><\/p>\n<p>&nbsp;<\/p>\n<p>B\u011bhem dubna se ur\u010dit\u011b dozv\u00edte v\u00edce informac\u00ed, jak to se z\u00e1hadami vypad\u00e1 a co n\u00e1s \u010dek\u00e1 a nemine.<br \/>\nMoc se na v\u00e1s t\u011b\u0161\u00edme spolu se zbytkem 29.PS.<\/p>","excerpt":"","slug":"vyprava-za-zahadou-do-malikovskych-skal","image":false,"all_day":false,"start_date":"2019-05-10 16:00:00","start_date_details":{"year":"2019","month":"05","day":"10","hour":"16","minutes":"00","seconds":"00"},"end_date":"2019-05-12 12:00:00","end_date_details":{"year":"2019","month":"05","day":"12","hour":"12","minutes":"00","seconds":"00"},"utc_start_date":"2019-05-10 16:00:00","utc_start_date_details":{"year":"2019","month":"05","day":"10","hour":"16","minutes":"00","seconds":"00"},"utc_end_date":"2019-05-12 12:00:00","utc_end_date_details":{"year":"2019","month":"05","day":"12","hour":"12","minutes":"00","seconds":"00"},"timezone":"UTC+0","timezone_abbr":"UTC+0","cost":"250K\u010d","cost_details":{"currency_symbol":"K\u010d","currency_position":"suffix","values":["250"]},"website":"https:\/\/www.facebook.com\/events\/642087199575325\/","show_map":false,"show_map_link":false,"hide_from_listings":false,"sticky":false,"featured":false,"categories":[],"tags":[],"venue":{"id":362,"author":"1","status":"publish","date":"2019-04-10 22:29:15","date_utc":"2019-04-10 22:29:15","modified":"2019-04-10 22:29:15","modified_utc":"2019-04-10 22:29:15","url":"http:\/\/29ps.cz\/?tribe_venue=malikovske-skaly","venue":"Mal\u00edkovsk\u00e9 sk\u00e1ly","slug":"malikovske-skaly","json_ld":{"@type":"Place","name":"Mal\u00edkovsk\u00e9 sk\u00e1ly","description":"","url":"","address":{"@type":"PostalAddress"},"telephone":"","sameAs":""},"show_map":true,"show_map_link":true,"global_id":"29ps.cz?id=362","global_id_lineage":["29ps.cz?id=362"]},"organizer":[{"id":120,"author":"1","status":"publish","date":"2017-04-05 12:41:01","date_utc":"2017-04-05 12:41:01","modified":"2017-04-05 12:41:01","modified_utc":"2017-04-05 12:41:01","url":"http:\/\/29ps.cz\/?tribe_organizer=29-pavkovsky-spolek-tabor","organizer":"29. P\u00e1vkovsk\u00fd spolek T\u00e1bor","slug":"29-pavkovsky-spolek-tabor","phone":"608431132","email":"info@29ps.cz","json_ld":{"@type":"Person","name":"29. P\u00e1vkovsk\u00fd spolek T\u00e1bor","description":"","url":"","telephone":"608431132","email":"info&#64;29&#112;s.c&#122;","sameAs":""},"global_id":"29ps.cz?id=120","global_id_lineage":["29ps.cz?id=120"]}],"json_ld":{"@context":"http:\/\/schema.org","@type":"Event","name":"V\u00fdprava za z\u00e1hadou do Mal\u00edkovsk\u00fdch skal","description":"&lt;p&gt;V\u00ddPRAVA ZA Z\u00c1HADOU DO MAL\u00cdKOVSK\u00ddCH SKAL M\u00e1\u0161 pro strach ud\u011bl\u00e1no? M\u00e1\u0161 r\u00e1d tajuplno a r\u00e1d lu\u0161t\u00ed\u0161 \u0161ifry? Tak to hled\u00e1me pr\u00e1ve TEBE! Sh\u00e1n\u00edme posily do t\u00fdmu objevitel\u016f, kte\u0159\u00ed se chystaj\u00ed rozlu\u0161tit z\u00e1hadu Mal\u00edkovysk\u00fdch skal. Term\u00edn: 10.-12. kv\u011btna 2019 M\u00edsto: Mal\u00edkovsk\u00e9 sk\u00e1ly u Jind\u0159ichova Hradce &nbsp; S sebou: spac\u00e1k, karimatku, celtu (kdo m\u00e1), tepl\u00e9 oble\u010den\u00ed dle&hellip;&lt;\/p&gt;\\n","url":"http:\/\/29ps.cz\/?tribe_events=vyprava-za-zahadou-do-malikovskych-skal","startDate":"2019-05-10T16:00:00+00:00","endDate":"2019-05-12T12:00:00+00:00","location":{"@type":"Place","name":"Mal\u00edkovsk\u00e9 sk\u00e1ly","description":"","url":"","address":{"@type":"PostalAddress"},"telephone":"","sameAs":""},"organizer":{"@type":"Person","name":"29. P\u00e1vkovsk\u00fd spolek T\u00e1bor","description":"","url":"","telephone":"608431132","email":"&#105;&#110;fo&#64;&#50;9&#112;s&#46;c&#122;","sameAs":""},"offers":{"@type":"Offer","price":"250","url":"http:\/\/29ps.cz\/?tribe_events=vyprava-za-zahadou-do-malikovskych-skal"}}}